{"id":922,"date":"2015-08-12T06:05:43","date_gmt":"2015-08-12T04:05:43","guid":{"rendered":"http:\/\/heimanco.se\/friskvard\/?p=922"},"modified":"2015-08-08T20:33:01","modified_gmt":"2015-08-08T18:33:01","slug":"ditt-mod-provocerar","status":"publish","type":"post","link":"http:\/\/heimanco.se\/friskvard\/ditt-mod-provocerar\/","title":{"rendered":"Ditt mod provocerar"},"content":{"rendered":"<p><em><a href=\"http:\/\/heimanco.se\/friskvard\/wp-content\/uploads\/2015\/08\/mod-att-vara-sarbar-i-dina-relationer-i-ditt-foraldraskap-i-ditt-arbete.jpg\"><img loading=\"lazy\" class=\"alignleft size-medium wp-image-930\" src=\"http:\/\/heimanco.se\/friskvard\/wp-content\/uploads\/2015\/08\/mod-att-vara-sarbar-i-dina-relationer-i-ditt-foraldraskap-i-ditt-arbete-200x300.jpg\" alt=\"mod-att-vara-sarbar-i-dina-relationer-i-ditt-foraldraskap-i-ditt-arbete\" width=\"200\" height=\"300\" srcset=\"http:\/\/heimanco.se\/friskvard\/wp-content\/uploads\/2015\/08\/mod-att-vara-sarbar-i-dina-relationer-i-ditt-foraldraskap-i-ditt-arbete-200x300.jpg 200w, http:\/\/heimanco.se\/friskvard\/wp-content\/uploads\/2015\/08\/mod-att-vara-sarbar-i-dina-relationer-i-ditt-foraldraskap-i-ditt-arbete.jpg 201w\" sizes=\"(max-width: 200px) 100vw, 200px\" \/><\/a>&#8221;Det \u00e4r inte kritikern som r\u00e4knas, inte mannen som kan visa p\u00e5 vilket s\u00e4tt den starke mannen misslyckas eller vad den som utf\u00f6r en g\u00e4rning hade kunnat g\u00f6ra b\u00e4ttre.<\/em><\/p>\n<p><em>\u00c4ran tillh\u00f6r den man som faktiskt befinner sig inne p\u00e5 arenan; han vars ansikte vanpryds av damm och svett och blod; han som strider tappert, som misslyckas, som g\u00e5ng p\u00e5 g\u00e5ng kommer till korta eftersom varje anstr\u00e4ngning \u00e4r f\u00f6rbunden med misslyckande och brister, men som verkligen bem\u00f6dar sig om att utf\u00f6ra uppdraget; han som k\u00e4nner stor iver och h\u00e4ngivenhet; han som tr\u00f6ttar ut sig i ett v\u00e4llovligt syfte; han som till slut, i b\u00e4sta fall, f\u00e5r smaka den segers\u00f6tma som det inneb\u00e4r att ha \u00e5stadkommit n\u00e5got stort och som i s\u00e4msta fall, om han misslyckas, \u00e5tminstone g\u00f6r det samtidigt som han visar prov p\u00e5 stort mod&#8221; Theodore Roosvelt<\/em><\/p>\n<p>Om Du best\u00e4mt Dig f\u00f6r att g\u00e5 in p\u00e5 arenan och visa stort mod kommer Du att \u00e5ka p\u00e5 en del sm\u00e4llar. Det spelar ingen roll om arenan ifr\u00e5ga \u00e4r politiken, jobbet eller en ideel f\u00f6rening. Om det modiga \u00e4r att skriva en artikel i skoltidningen, s\u00e4tta in en annons eller s\u00e4lja n\u00e5got Du sj\u00e4lv ha gjort. Varf\u00f6r? F\u00f6r att det \u00e4r en l\u00e4ttillg\u00e4ngligt sk\u00f6ld hos alla som inte har hittat modet \u00e4nnu. Hos alla som Du provocerar genom att v\u00e5ga visa Ditt mod.<\/p>\n<p>S\u00e5 hur v\u00e5gar vi d\u00e5 n\u00e5gonsin visa mod? F\u00f6rst ska vi ta oss f\u00f6rbi v\u00e5r egen inre kritiker och sedan ska vi st\u00e5 stadigt med sj\u00e4lvk\u00e4nslan och sj\u00e4lvf\u00f6rtroendet i beh\u00e5ll n\u00e4r kritiken kommer. I ett Sverige d\u00e4r alla dessutom k\u00e4nner Jante.<\/p>\n<p>H\u00e4r f\u00e5r Du n\u00e5gra tips fr\u00e5n framg\u00e5ngsrika lederna hur vi lyckas h\u00e5lla oss modiga nog att \u00f6ppna oss och ta emot konstruktiv kritik samtidigt som vi l\u00e4r oss rensa bort elaka p\u00e5hopp:<\/p>\n<ul>\n<li>Lyssna bara p\u00e5 andra som visat lika stort mod som Du<\/li>\n<li>Skriv en lapp med m\u00e4nniskor vars \u00e5sikt verkligen r\u00e4knas. De m\u00e4nniskorna \u00e4lskar hela Dig, Dina starka och svaga sidor<\/li>\n<li>Det \u00e4r som att g\u00e5 p\u00e5 lina, och skamt\u00e5lighet \u00e4r st\u00e5ngen som vi balanserar i h\u00e4nderna, och skyddsn\u00e4tet under oss \u00e4r de enstaka m\u00e4nniskor i v\u00e5rt liv som kan hj\u00e4lpa oss att se klart p\u00e5 kritiken och cynismen.<\/li>\n<li>N\u00e4r vi slutar bry oss om vad andra tycker tappar vi f\u00f6rm\u00e5gan att knyta an till andra<\/li>\n<li>N\u00e4r vi l\u00e5ter oss styras av vad andra tycker tappar vi viljan att vara s\u00e5rbara<\/li>\n<li>Om vi avf\u00e4rdar all kritik g\u00e5r vi minste om viktiga synpunkter, men om vi ger efter f\u00f6r hatet s\u00e5 kn\u00e4cker det oss<\/li>\n<\/ul>\n<p>Eller s\u00e5 lyssnar Du helt enkelt p\u00e5 Astrid Lindgren:<\/p>\n<p><em>&#8221;Det finns saker man m\u00e5ste g\u00f6ra, annars \u00e4r man ingen m\u00e4nniska, bara en liten lort&#8221;<\/em><\/p>\n<p>Jag tror p\u00e5 Dig!<\/p>\n<p>Vill Du l\u00e4sa mer rekommenderar jag boken Mod att vara s\u00e5rbar av sociologen dr Brene&#8217; Brown<\/p>\n","protected":false},"excerpt":{"rendered":"<p>&#8221;Det \u00e4r inte kritikern som r\u00e4knas, inte mannen som kan visa p\u00e5 vilket s\u00e4tt den starke mannen misslyckas eller vad den som utf\u00f6r en g\u00e4rning hade kunnat g\u00f6ra b\u00e4ttre. \u00c4ran tillh\u00f6r den man som faktiskt befinner sig inne p\u00e5 arenan;&hellip; <\/p>\n","protected":false},"author":1,"featured_media":0,"comment_status":"open","ping_status":"open","sticky":false,"template":"","format":"standard","meta":[],"categories":[21],"tags":[],"_links":{"self":[{"href":"http:\/\/heimanco.se\/friskvard\/wp-json\/wp\/v2\/posts\/922"}],"collection":[{"href":"http:\/\/heimanco.se\/friskvard\/wp-json\/wp\/v2\/posts"}],"about":[{"href":"http:\/\/heimanco.se\/friskvard\/wp-json\/wp\/v2\/types\/post"}],"author":[{"embeddable":true,"href":"http:\/\/heimanco.se\/friskvard\/wp-json\/wp\/v2\/users\/1"}],"replies":[{"embeddable":true,"href":"http:\/\/heimanco.se\/friskvard\/wp-json\/wp\/v2\/comments?post=922"}],"version-history":[{"count":8,"href":"http:\/\/heimanco.se\/friskvard\/wp-json\/wp\/v2\/posts\/922\/revisions"}],"predecessor-version":[{"id":937,"href":"http:\/\/heimanco.se\/friskvard\/wp-json\/wp\/v2\/posts\/922\/revisions\/937"}],"wp:attachment":[{"href":"http:\/\/heimanco.se\/friskvard\/wp-json\/wp\/v2\/media?parent=922"}],"wp:term":[{"taxonomy":"category","embeddable":true,"href":"http:\/\/heimanco.se\/friskvard\/wp-json\/wp\/v2\/categories?post=922"},{"taxonomy":"post_tag","embeddable":true,"href":"http:\/\/heimanco.se\/friskvard\/wp-json\/wp\/v2\/tags?post=922"}],"curies":[{"name":"wp","href":"https:\/\/api.w.org\/{rel}","templated":true}]}}